{"id":3667,"date":"2026-09-05T20:32:58","date_gmt":"2026-09-05T20:32:58","guid":{"rendered":"https:\/\/lavozdelagente.com.ar\/index\/?p=3667"},"modified":"2026-09-05T20:32:58","modified_gmt":"2026-09-05T20:32:58","slug":"suarez-destaco-a-la-educacion-como-puente-para-el-desarrollo-el-legado-de-mama-antula-y-el-valor-del-dialogo","status":"publish","type":"post","link":"https:\/\/lavozdelagente.com.ar\/index\/2026\/09\/05\/suarez-destaco-a-la-educacion-como-puente-para-el-desarrollo-el-legado-de-mama-antula-y-el-valor-del-dialogo\/","title":{"rendered":"Su\u00e1rez destac\u00f3 a la educaci\u00f3n como puente para el desarrollo, el legado de Mama Antula y el valor del di\u00e1logo"},"content":{"rendered":"<p>El gobernador de Santiago del Estero, El\u00edas Su\u00e1rez, particip\u00f3 este s\u00e1bado de la Semana Social 2026, que se desarrolla en la ciudad de C\u00f3rdoba, invitado especialmente por la Comisi\u00f3n Episcopal de Pastoral Social de la Conferencia Episcopal Argentina.<\/p>\n<p>El mandatario integr\u00f3 el panel \u201cBien Com\u00fan y compromiso social: una llamada de Magn\u00edfica Humanitas\u201d, junto al presidente de la Conferencia Episcopal Argentina, monse\u00f1or Marcelo Colombo y el gobernador de C\u00f3rdoba, Mart\u00edn Llaryora.<\/p>\n<p>En el marco de la enc\u00edclica Magn\u00edfica Humanitas del Papa Le\u00f3n XIV, Su\u00e1rez puso \u00e9nfasis en la educaci\u00f3n como puente para achicar brechas sociales y construir igualdad de oportunidades. En ese sentido, subray\u00f3 que Santiago del Estero es un pueblo con una fuerte vocaci\u00f3n religiosa, que encuentra en el legado de Mama Antula un ejemplo permanente de servicio y compromiso con el pr\u00f3jimo.<\/p>\n<p>El gobernador tambi\u00e9n remarc\u00f3 la importancia del di\u00e1logo como herramienta de gesti\u00f3n y la necesidad de sostener espacios institucionales de consenso. En ese marco, hizo referencia al Consejo Econ\u00f3mico y Social, que forma parte de la Constituci\u00f3n provincial y en el que se re\u00fanen universidades, c\u00e1maras empresariales, el sector del trabajo, colegios profesionales y organizaciones de la sociedad civil. Asimismo, mencion\u00f3 las mesas de di\u00e1logo y trabajo que re\u00fanen a los sectores gremiales de la administraci\u00f3n p\u00fablica y docente, como otro ejemplo concreto de la construcci\u00f3n colectiva del bien com\u00fan en la provincia.<\/p>\n<p>La actividad, organizada por la Comisi\u00f3n Episcopal de Pastoral Social de la Conferencia Episcopal Argentina y el Arzobispado de C\u00f3rdoba bajo el lema \u201cPuentes hacia el Bien Com\u00fan\u201d, reuni\u00f3 a referentes pol\u00edticos, sociales, empresariales, sindicales, acad\u00e9micos y religiosos de todo el pa\u00eds. La invitaci\u00f3n al mandatario santiague\u00f1o fue cursada por monse\u00f1or Dante Braida, presidente de la Comisi\u00f3n Episcopal de Pastoral Social.<\/p>\n<p>&nbsp;<\/p>\n","protected":false},"excerpt":{"rendered":"<p>El gobernador de Santiago del Estero, El\u00edas Su\u00e1rez, particip\u00f3 este s\u00e1bado de la Semana Social 2026, que se desarrolla en<\/p>\n","protected":false},"author":2,"featured_media":0,"comment_status":"open","ping_status":"open","sticky":false,"template":"","format":"standard","meta":{"colormag_page_container_layout":"default_layout","colormag_page_sidebar_layout":"default_layout","om_disable_all_campaigns":false,"_monsterinsights_skip_tracking":false,"footnotes":""},"categories":[2],"tags":[],"class_list":["post-3667","post","type-post","status-publish","format-standard","hentry","category-santiago"],"aioseo_notices":[],"aioseo_head":"\n\t\t<!-- All in One SEO 5.0.1.1 - aioseo.com -->\n\t<meta name=\"description\" content=\"El gobernador de Santiago del Estero, El\u00edas Su\u00e1rez, particip\u00f3 este s\u00e1bado de la Semana Social 2026, que se desarrolla en la ciudad de C\u00f3rdoba, invitado especialmente por la Comisi\u00f3n Episcopal de Pastoral Social de la Conferencia Episcopal Argentina. El mandatario integr\u00f3 el panel \u201cBien Com\u00fan y compromiso social: una llamada de Magn\u00edfica Humanitas\u201d, junto al\" \/>\n\t<meta name=\"robots\" content=\"max-image-preview:large\" \/>\n\t<meta name=\"author\" content=\"rober\"\/>\n\t<meta name=\"google-site-verification\" content=\"dJHDh1fUzR1o-UwpFfn1JyiF-0R1LCNFZReSb-gbgcE\" \/>\n\t<link rel=\"canonical\" href=\"https:\/\/lavozdelagente.com.ar\/index\/2026\/09\/05\/suarez-destaco-a-la-educacion-como-puente-para-el-desarrollo-el-legado-de-mama-antula-y-el-valor-del-dialogo\/\" \/>\n\t<meta name=\"generator\" content=\"All in One SEO (AIOSEO) 5.0.1.1\" \/>\n\t\t<meta property=\"og:locale\" content=\"es_ES\" \/>\n\t\t<meta property=\"og:site_name\" content=\"LA VOZ DE LA GENTE - SDE\" \/>\n\t\t<meta property=\"og:type\" content=\"article\" \/>\n\t\t<meta property=\"og:title\" content=\"Su\u00e1rez destac\u00f3 a la educaci\u00f3n como puente para el desarrollo, el legado de Mama Antula y el valor del di\u00e1logo - LA VOZ DE LA GENTE\" \/>\n\t\t<meta property=\"og:description\" content=\"El gobernador de Santiago del Estero, El\u00edas Su\u00e1rez, particip\u00f3 este s\u00e1bado de la Semana Social 2026, que se desarrolla en la ciudad de C\u00f3rdoba, invitado especialmente por la Comisi\u00f3n Episcopal de Pastoral Social de la Conferencia Episcopal Argentina. El mandatario integr\u00f3 el panel \u201cBien Com\u00fan y compromiso social: una llamada de Magn\u00edfica Humanitas\u201d, junto al\" \/>\n\t\t<meta property=\"og:url\" content=\"https:\/\/lavozdelagente.com.ar\/index\/2026\/09\/05\/suarez-destaco-a-la-educacion-como-puente-para-el-desarrollo-el-legado-de-mama-antula-y-el-valor-del-dialogo\/\" \/>\n\t\t<meta property=\"article:published_time\" content=\"2026-09-05T20:32:58+00:00\" \/>\n\t\t<meta property=\"article:modified_time\" content=\"2026-09-05T20:32:58+00:00\" \/>\n\t\t<meta name=\"twitter:card\" content=\"summary_large_image\" \/>\n\t\t<meta name=\"twitter:title\" content=\"Su\u00e1rez destac\u00f3 a la educaci\u00f3n como puente para el desarrollo, el legado de Mama Antula y el valor del di\u00e1logo - LA VOZ DE LA GENTE\" \/>\n\t\t<meta name=\"twitter:description\" content=\"El gobernador de Santiago del Estero, El\u00edas Su\u00e1rez, particip\u00f3 este s\u00e1bado de la Semana Social 2026, que se desarrolla en la ciudad de C\u00f3rdoba, invitado especialmente por la Comisi\u00f3n Episcopal de Pastoral Social de la Conferencia Episcopal Argentina. El mandatario integr\u00f3 el panel \u201cBien Com\u00fan y compromiso social: una llamada de Magn\u00edfica Humanitas\u201d, junto al\" \/>\n\t\t<script type=\"application\/ld+json\" class=\"aioseo-schema\">\n\t\t\t{\"@context\":\"https:\\\/\\\/schema.org\",\"@graph\":[{\"@type\":\"BlogPosting\",\"@id\":\"https:\\\/\\\/lavozdelagente.com.ar\\\/index\\\/2026\\\/09\\\/05\\\/suarez-destaco-a-la-educacion-como-puente-para-el-desarrollo-el-legado-de-mama-antula-y-el-valor-del-dialogo\\\/#blogposting\",\"name\":\"Su\\u00e1rez destac\\u00f3 a la educaci\\u00f3n como puente para el desarrollo, el legado de Mama Antula y el valor del di\\u00e1logo - LA VOZ DE LA GENTE\",\"headline\":\"Su\\u00e1rez destac\\u00f3 a la educaci\\u00f3n como puente para el desarrollo, el legado de Mama Antula y el valor del di\\u00e1logo\",\"author\":{\"@id\":\"https:\\\/\\\/lavozdelagente.com.ar\\\/index\\\/author\\\/rober\\\/#author\"},\"publisher\":{\"@id\":\"https:\\\/\\\/lavozdelagente.com.ar\\\/index\\\/#person\"},\"image\":{\"@type\":\"ImageObject\",\"@id\":\"https:\\\/\\\/lavozdelagente.com.ar\\\/index\\\/2026\\\/09\\\/05\\\/suarez-destaco-a-la-educacion-como-puente-para-el-desarrollo-el-legado-de-mama-antula-y-el-valor-del-dialogo\\\/#articleImage\",\"url\":\"https:\\\/\\\/secure.gravatar.com\\\/avatar\\\/901a62cd098b11a08c5fe38d2de0f8ad6b745f5d4f6413ad71e1630ac07766e0?s=96&d=mm&r=g\",\"width\":96,\"height\":96,\"caption\":\"rober\"},\"datePublished\":\"2026-09-05T20:32:58+00:00\",\"dateModified\":\"2026-09-05T20:32:58+00:00\",\"inLanguage\":\"es-ES\",\"mainEntityOfPage\":{\"@id\":\"https:\\\/\\\/lavozdelagente.com.ar\\\/index\\\/2026\\\/09\\\/05\\\/suarez-destaco-a-la-educacion-como-puente-para-el-desarrollo-el-legado-de-mama-antula-y-el-valor-del-dialogo\\\/#webpage\"},\"isPartOf\":{\"@id\":\"https:\\\/\\\/lavozdelagente.com.ar\\\/index\\\/2026\\\/09\\\/05\\\/suarez-destaco-a-la-educacion-como-puente-para-el-desarrollo-el-legado-de-mama-antula-y-el-valor-del-dialogo\\\/#webpage\"},\"articleSection\":\"Santiago\"},{\"@type\":\"BreadcrumbList\",\"@id\":\"https:\\\/\\\/lavozdelagente.com.ar\\\/index\\\/2026\\\/09\\\/05\\\/suarez-destaco-a-la-educacion-como-puente-para-el-desarrollo-el-legado-de-mama-antula-y-el-valor-del-dialogo\\\/#breadcrumblist\",\"itemListElement\":[{\"@type\":\"ListItem\",\"@id\":\"https:\\\/\\\/lavozdelagente.com.ar\\\/index#listItem\",\"position\":1,\"name\":\"Home\",\"item\":\"https:\\\/\\\/lavozdelagente.com.ar\\\/index\",\"nextItem\":{\"@type\":\"ListItem\",\"@id\":\"https:\\\/\\\/lavozdelagente.com.ar\\\/index\\\/category\\\/santiago\\\/#listItem\",\"name\":\"Santiago\"}},{\"@type\":\"ListItem\",\"@id\":\"https:\\\/\\\/lavozdelagente.com.ar\\\/index\\\/category\\\/santiago\\\/#listItem\",\"position\":2,\"name\":\"Santiago\",\"item\":\"https:\\\/\\\/lavozdelagente.com.ar\\\/index\\\/category\\\/santiago\\\/\",\"nextItem\":{\"@type\":\"ListItem\",\"@id\":\"https:\\\/\\\/lavozdelagente.com.ar\\\/index\\\/2026\\\/09\\\/05\\\/suarez-destaco-a-la-educacion-como-puente-para-el-desarrollo-el-legado-de-mama-antula-y-el-valor-del-dialogo\\\/#listItem\",\"name\":\"Su\\u00e1rez destac\\u00f3 a la educaci\\u00f3n como puente para el desarrollo, el legado de Mama Antula y el valor del di\\u00e1logo\"},\"previousItem\":{\"@type\":\"ListItem\",\"@id\":\"https:\\\/\\\/lavozdelagente.com.ar\\\/index#listItem\",\"name\":\"Home\"}},{\"@type\":\"ListItem\",\"@id\":\"https:\\\/\\\/lavozdelagente.com.ar\\\/index\\\/2026\\\/09\\\/05\\\/suarez-destaco-a-la-educacion-como-puente-para-el-desarrollo-el-legado-de-mama-antula-y-el-valor-del-dialogo\\\/#listItem\",\"position\":3,\"name\":\"Su\\u00e1rez destac\\u00f3 a la educaci\\u00f3n como puente para el desarrollo, el legado de Mama Antula y el valor del di\\u00e1logo\",\"previousItem\":{\"@type\":\"ListItem\",\"@id\":\"https:\\\/\\\/lavozdelagente.com.ar\\\/index\\\/category\\\/santiago\\\/#listItem\",\"name\":\"Santiago\"}}]},{\"@type\":\"Person\",\"@id\":\"https:\\\/\\\/lavozdelagente.com.ar\\\/index\\\/author\\\/rober\\\/#author\",\"url\":\"https:\\\/\\\/lavozdelagente.com.ar\\\/index\\\/author\\\/rober\\\/\",\"name\":\"rober\",\"image\":{\"@type\":\"ImageObject\",\"@id\":\"https:\\\/\\\/lavozdelagente.com.ar\\\/index\\\/2026\\\/09\\\/05\\\/suarez-destaco-a-la-educacion-como-puente-para-el-desarrollo-el-legado-de-mama-antula-y-el-valor-del-dialogo\\\/#authorImage\",\"url\":\"https:\\\/\\\/secure.gravatar.com\\\/avatar\\\/901a62cd098b11a08c5fe38d2de0f8ad6b745f5d4f6413ad71e1630ac07766e0?s=96&d=mm&r=g\",\"width\":96,\"height\":96,\"caption\":\"rober\"}},{\"@type\":\"WebPage\",\"@id\":\"https:\\\/\\\/lavozdelagente.com.ar\\\/index\\\/2026\\\/09\\\/05\\\/suarez-destaco-a-la-educacion-como-puente-para-el-desarrollo-el-legado-de-mama-antula-y-el-valor-del-dialogo\\\/#webpage\",\"url\":\"https:\\\/\\\/lavozdelagente.com.ar\\\/index\\\/2026\\\/09\\\/05\\\/suarez-destaco-a-la-educacion-como-puente-para-el-desarrollo-el-legado-de-mama-antula-y-el-valor-del-dialogo\\\/\",\"name\":\"Su\\u00e1rez destac\\u00f3 a la educaci\\u00f3n como puente para el desarrollo, el legado de Mama Antula y el valor del di\\u00e1logo - LA VOZ DE LA GENTE\",\"description\":\"El gobernador de Santiago del Estero, El\\u00edas Su\\u00e1rez, particip\\u00f3 este s\\u00e1bado de la Semana Social 2026, que se desarrolla en la ciudad de C\\u00f3rdoba, invitado especialmente por la Comisi\\u00f3n Episcopal de Pastoral Social de la Conferencia Episcopal Argentina. El mandatario integr\\u00f3 el panel \\u201cBien Com\\u00fan y compromiso social: una llamada de Magn\\u00edfica Humanitas\\u201d, junto al\",\"inLanguage\":\"es-ES\",\"isPartOf\":{\"@id\":\"https:\\\/\\\/lavozdelagente.com.ar\\\/index\\\/#website\"},\"breadcrumb\":{\"@id\":\"https:\\\/\\\/lavozdelagente.com.ar\\\/index\\\/2026\\\/09\\\/05\\\/suarez-destaco-a-la-educacion-como-puente-para-el-desarrollo-el-legado-de-mama-antula-y-el-valor-del-dialogo\\\/#breadcrumblist\"},\"author\":{\"@id\":\"https:\\\/\\\/lavozdelagente.com.ar\\\/index\\\/author\\\/rober\\\/#author\"},\"creator\":{\"@id\":\"https:\\\/\\\/lavozdelagente.com.ar\\\/index\\\/author\\\/rober\\\/#author\"},\"datePublished\":\"2026-09-05T20:32:58+00:00\",\"dateModified\":\"2026-09-05T20:32:58+00:00\"},{\"@type\":\"WebSite\",\"@id\":\"https:\\\/\\\/lavozdelagente.com.ar\\\/index\\\/#website\",\"url\":\"https:\\\/\\\/lavozdelagente.com.ar\\\/index\\\/\",\"name\":\"LA VOZ DE LA GENTE\",\"description\":\"SDE\",\"inLanguage\":\"es-ES\",\"publisher\":{\"@id\":\"https:\\\/\\\/lavozdelagente.com.ar\\\/index\\\/#person\"}}]}\n\t\t<\/script>\n\t\t<!-- All in One SEO -->\n\n","aioseo_head_json":{"title":"Su\u00e1rez destac\u00f3 a la educaci\u00f3n como puente para el desarrollo, el legado de Mama Antula y el valor del di\u00e1logo - LA VOZ DE LA GENTE","description":"El gobernador de Santiago del Estero, El\u00edas Su\u00e1rez, particip\u00f3 este s\u00e1bado de la Semana Social 2026, que se desarrolla en la ciudad de C\u00f3rdoba, invitado especialmente por la Comisi\u00f3n Episcopal de Pastoral Social de la Conferencia Episcopal Argentina. El mandatario integr\u00f3 el panel \u201cBien Com\u00fan y compromiso social: una llamada de Magn\u00edfica Humanitas\u201d, junto al","canonical_url":"https:\/\/lavozdelagente.com.ar\/index\/2026\/09\/05\/suarez-destaco-a-la-educacion-como-puente-para-el-desarrollo-el-legado-de-mama-antula-y-el-valor-del-dialogo\/","robots":"max-image-preview:large","keywords":"","webmasterTools":{"google-site-verification":"dJHDh1fUzR1o-UwpFfn1JyiF-0R1LCNFZReSb-gbgcE","miscellaneous":""},"schema":{"@context":"https:\/\/schema.org","@graph":[{"@type":"BlogPosting","@id":"https:\/\/lavozdelagente.com.ar\/index\/2026\/09\/05\/suarez-destaco-a-la-educacion-como-puente-para-el-desarrollo-el-legado-de-mama-antula-y-el-valor-del-dialogo\/#blogposting","name":"Su\u00e1rez destac\u00f3 a la educaci\u00f3n como puente para el desarrollo, el legado de Mama Antula y el valor del di\u00e1logo - LA VOZ DE LA GENTE","headline":"Su\u00e1rez destac\u00f3 a la educaci\u00f3n como puente para el desarrollo, el legado de Mama Antula y el valor del di\u00e1logo","author":{"@id":"https:\/\/lavozdelagente.com.ar\/index\/author\/rober\/#author"},"publisher":{"@id":"https:\/\/lavozdelagente.com.ar\/index\/#person"},"image":{"@type":"ImageObject","@id":"https:\/\/lavozdelagente.com.ar\/index\/2026\/09\/05\/suarez-destaco-a-la-educacion-como-puente-para-el-desarrollo-el-legado-de-mama-antula-y-el-valor-del-dialogo\/#articleImage","url":"https:\/\/secure.gravatar.com\/avatar\/901a62cd098b11a08c5fe38d2de0f8ad6b745f5d4f6413ad71e1630ac07766e0?s=96&d=mm&r=g","width":96,"height":96,"caption":"rober"},"datePublished":"2026-09-05T20:32:58+00:00","dateModified":"2026-09-05T20:32:58+00:00","inLanguage":"es-ES","mainEntityOfPage":{"@id":"https:\/\/lavozdelagente.com.ar\/index\/2026\/09\/05\/suarez-destaco-a-la-educacion-como-puente-para-el-desarrollo-el-legado-de-mama-antula-y-el-valor-del-dialogo\/#webpage"},"isPartOf":{"@id":"https:\/\/lavozdelagente.com.ar\/index\/2026\/09\/05\/suarez-destaco-a-la-educacion-como-puente-para-el-desarrollo-el-legado-de-mama-antula-y-el-valor-del-dialogo\/#webpage"},"articleSection":"Santiago"},{"@type":"BreadcrumbList","@id":"https:\/\/lavozdelagente.com.ar\/index\/2026\/09\/05\/suarez-destaco-a-la-educacion-como-puente-para-el-desarrollo-el-legado-de-mama-antula-y-el-valor-del-dialogo\/#breadcrumblist","itemListElement":[{"@type":"ListItem","@id":"https:\/\/lavozdelagente.com.ar\/index#listItem","position":1,"name":"Home","item":"https:\/\/lavozdelagente.com.ar\/index","nextItem":{"@type":"ListItem","@id":"https:\/\/lavozdelagente.com.ar\/index\/category\/santiago\/#listItem","name":"Santiago"}},{"@type":"ListItem","@id":"https:\/\/lavozdelagente.com.ar\/index\/category\/santiago\/#listItem","position":2,"name":"Santiago","item":"https:\/\/lavozdelagente.com.ar\/index\/category\/santiago\/","nextItem":{"@type":"ListItem","@id":"https:\/\/lavozdelagente.com.ar\/index\/2026\/09\/05\/suarez-destaco-a-la-educacion-como-puente-para-el-desarrollo-el-legado-de-mama-antula-y-el-valor-del-dialogo\/#listItem","name":"Su\u00e1rez destac\u00f3 a la educaci\u00f3n como puente para el desarrollo, el legado de Mama Antula y el valor del di\u00e1logo"},"previousItem":{"@type":"ListItem","@id":"https:\/\/lavozdelagente.com.ar\/index#listItem","name":"Home"}},{"@type":"ListItem","@id":"https:\/\/lavozdelagente.com.ar\/index\/2026\/09\/05\/suarez-destaco-a-la-educacion-como-puente-para-el-desarrollo-el-legado-de-mama-antula-y-el-valor-del-dialogo\/#listItem","position":3,"name":"Su\u00e1rez destac\u00f3 a la educaci\u00f3n como puente para el desarrollo, el legado de Mama Antula y el valor del di\u00e1logo","previousItem":{"@type":"ListItem","@id":"https:\/\/lavozdelagente.com.ar\/index\/category\/santiago\/#listItem","name":"Santiago"}}]},{"@type":"Person","@id":"https:\/\/lavozdelagente.com.ar\/index\/author\/rober\/#author","url":"https:\/\/lavozdelagente.com.ar\/index\/author\/rober\/","name":"rober","image":{"@type":"ImageObject","@id":"https:\/\/lavozdelagente.com.ar\/index\/2026\/09\/05\/suarez-destaco-a-la-educacion-como-puente-para-el-desarrollo-el-legado-de-mama-antula-y-el-valor-del-dialogo\/#authorImage","url":"https:\/\/secure.gravatar.com\/avatar\/901a62cd098b11a08c5fe38d2de0f8ad6b745f5d4f6413ad71e1630ac07766e0?s=96&d=mm&r=g","width":96,"height":96,"caption":"rober"}},{"@type":"WebPage","@id":"https:\/\/lavozdelagente.com.ar\/index\/2026\/09\/05\/suarez-destaco-a-la-educacion-como-puente-para-el-desarrollo-el-legado-de-mama-antula-y-el-valor-del-dialogo\/#webpage","url":"https:\/\/lavozdelagente.com.ar\/index\/2026\/09\/05\/suarez-destaco-a-la-educacion-como-puente-para-el-desarrollo-el-legado-de-mama-antula-y-el-valor-del-dialogo\/","name":"Su\u00e1rez destac\u00f3 a la educaci\u00f3n como puente para el desarrollo, el legado de Mama Antula y el valor del di\u00e1logo - LA VOZ DE LA GENTE","description":"El gobernador de Santiago del Estero, El\u00edas Su\u00e1rez, particip\u00f3 este s\u00e1bado de la Semana Social 2026, que se desarrolla en la ciudad de C\u00f3rdoba, invitado especialmente por la Comisi\u00f3n Episcopal de Pastoral Social de la Conferencia Episcopal Argentina. El mandatario integr\u00f3 el panel \u201cBien Com\u00fan y compromiso social: una llamada de Magn\u00edfica Humanitas\u201d, junto al","inLanguage":"es-ES","isPartOf":{"@id":"https:\/\/lavozdelagente.com.ar\/index\/#website"},"breadcrumb":{"@id":"https:\/\/lavozdelagente.com.ar\/index\/2026\/09\/05\/suarez-destaco-a-la-educacion-como-puente-para-el-desarrollo-el-legado-de-mama-antula-y-el-valor-del-dialogo\/#breadcrumblist"},"author":{"@id":"https:\/\/lavozdelagente.com.ar\/index\/author\/rober\/#author"},"creator":{"@id":"https:\/\/lavozdelagente.com.ar\/index\/author\/rober\/#author"},"datePublished":"2026-09-05T20:32:58+00:00","dateModified":"2026-09-05T20:32:58+00:00"},{"@type":"WebSite","@id":"https:\/\/lavozdelagente.com.ar\/index\/#website","url":"https:\/\/lavozdelagente.com.ar\/index\/","name":"LA VOZ DE LA GENTE","description":"SDE","inLanguage":"es-ES","publisher":{"@id":"https:\/\/lavozdelagente.com.ar\/index\/#person"}}]},"og:locale":"es_ES","og:site_name":"LA VOZ DE LA GENTE - SDE","og:type":"article","og:title":"Su\u00e1rez destac\u00f3 a la educaci\u00f3n como puente para el desarrollo, el legado de Mama Antula y el valor del di\u00e1logo - LA VOZ DE LA GENTE","og:description":"El gobernador de Santiago del Estero, El\u00edas Su\u00e1rez, particip\u00f3 este s\u00e1bado de la Semana Social 2026, que se desarrolla en la ciudad de C\u00f3rdoba, invitado especialmente por la Comisi\u00f3n Episcopal de Pastoral Social de la Conferencia Episcopal Argentina. El mandatario integr\u00f3 el panel \u201cBien Com\u00fan y compromiso social: una llamada de Magn\u00edfica Humanitas\u201d, junto al","og:url":"https:\/\/lavozdelagente.com.ar\/index\/2026\/09\/05\/suarez-destaco-a-la-educacion-como-puente-para-el-desarrollo-el-legado-de-mama-antula-y-el-valor-del-dialogo\/","article:published_time":"2026-09-05T20:32:58+00:00","article:modified_time":"2026-09-05T20:32:58+00:00","twitter:card":"summary_large_image","twitter:title":"Su\u00e1rez destac\u00f3 a la educaci\u00f3n como puente para el desarrollo, el legado de Mama Antula y el valor del di\u00e1logo - LA VOZ DE LA GENTE","twitter:description":"El gobernador de Santiago del Estero, El\u00edas Su\u00e1rez, particip\u00f3 este s\u00e1bado de la Semana Social 2026, que se desarrolla en la ciudad de C\u00f3rdoba, invitado especialmente por la Comisi\u00f3n Episcopal de Pastoral Social de la Conferencia Episcopal Argentina. El mandatario integr\u00f3 el panel \u201cBien Com\u00fan y compromiso social: una llamada de Magn\u00edfica Humanitas\u201d, junto al"},"aioseo_meta_data":{"post_id":"3667","title":null,"description":null,"keywords":null,"keyphrases":{"focus":{"keyphrase":"","score":0,"analysis":{"keyphraseInTitle":{"score":0,"maxScore":9,"error":1}}},"additional":[]},"primary_term":null,"canonical_url":null,"og_title":null,"og_description":null,"og_object_type":"default","og_image_type":"default","og_image_url":null,"og_image_width":null,"og_image_height":null,"og_image_custom_url":null,"og_image_custom_fields":null,"og_video":"","og_custom_url":null,"og_article_section":null,"og_article_tags":null,"twitter_use_og":false,"twitter_card":"default","twitter_image_type":"default","twitter_image_url":null,"twitter_image_custom_url":null,"twitter_image_custom_fields":null,"twitter_title":null,"twitter_description":null,"schema":{"blockGraphs":[],"customGraphs":[],"default":{"data":{"Article":[],"Course":[],"Dataset":[],"FAQPage":[],"Movie":[],"Person":[],"Product":[],"ProductReview":[],"Car":[],"Recipe":[],"Service":[],"SoftwareApplication":[],"WebPage":[]},"graphName":"BlogPosting","isEnabled":true},"graphs":[]},"schema_type":"default","schema_type_options":null,"pillar_content":false,"robots_default":true,"robots_noindex":false,"robots_noarchive":false,"robots_nosnippet":false,"robots_nofollow":false,"robots_noimageindex":false,"robots_noodp":false,"robots_notranslate":false,"robots_max_snippet":"-1","robots_max_videopreview":"-1","robots_max_imagepreview":"large","priority":null,"frequency":"default","local_seo":null,"breadcrumb_settings":null,"limit_modified_date":false,"ai":{"faqs":[],"keyPoints":[],"schemas":[],"titles":[],"descriptions":[],"socialPosts":{"email":{"subject":"","preview":"","content":""},"linkedin":[],"twitter":[],"facebook":[],"instagram":[]}},"created":"2026-09-05 20:32:59","updated":"2026-09-05 20:32:59","seo_analyzer_scan_date":null,"focus_keyword":null,"additional_keywords":null,"truseo_locale":null},"aioseo_breadcrumb":"<div class=\"aioseo-breadcrumbs\"><span class=\"aioseo-breadcrumb\">\n\t\t\t<a href=\"https:\/\/lavozdelagente.com.ar\/index\" title=\"Home\">Home<\/a>\n\t\t<\/span><span class=\"aioseo-breadcrumb-separator\">&raquo;<\/span><span class=\"aioseo-breadcrumb\">\n\t\t\t<a href=\"https:\/\/lavozdelagente.com.ar\/index\/category\/santiago\/\" title=\"Santiago\">Santiago<\/a>\n\t\t<\/span><span class=\"aioseo-breadcrumb-separator\">&raquo;<\/span><span class=\"aioseo-breadcrumb\">\n\t\t\tSu\u00e1rez destac\u00f3 a la educaci\u00f3n como puente para el desarrollo, el legado de Mama Antula y el valor del di\u00e1logo\n\t\t<\/span><\/div>","aioseo_breadcrumb_json":[{"label":"Home","link":"https:\/\/lavozdelagente.com.ar\/index"},{"label":"Santiago","link":"https:\/\/lavozdelagente.com.ar\/index\/category\/santiago\/"},{"label":"Su\u00e1rez destac\u00f3 a la educaci\u00f3n como puente para el desarrollo, el legado de Mama Antula y el valor del di\u00e1logo","link":"https:\/\/lavozdelagente.com.ar\/index\/2026\/09\/05\/suarez-destaco-a-la-educacion-como-puente-para-el-desarrollo-el-legado-de-mama-antula-y-el-valor-del-dialogo\/"}],"rttpg_featured_image_url":null,"rttpg_author":{"display_name":"rober","author_link":"https:\/\/lavozdelagente.com.ar\/index\/author\/rober\/"},"rttpg_comment":0,"rttpg_category":"<a href=\"https:\/\/lavozdelagente.com.ar\/index\/category\/santiago\/\" rel=\"category tag\">Santiago<\/a>","rttpg_excerpt":"El gobernador de Santiago del Estero, El\u00edas Su\u00e1rez, particip\u00f3 este s\u00e1bado de la Semana Social 2026, que se desarrolla en","_links":{"self":[{"href":"https:\/\/lavozdelagente.com.ar\/index\/wp-json\/wp\/v2\/posts\/3667","targetHints":{"allow":["GET"]}}],"collection":[{"href":"https:\/\/lavozdelagente.com.ar\/index\/wp-json\/wp\/v2\/posts"}],"about":[{"href":"https:\/\/lavozdelagente.com.ar\/index\/wp-json\/wp\/v2\/types\/post"}],"author":[{"embeddable":true,"href":"https:\/\/lavozdelagente.com.ar\/index\/wp-json\/wp\/v2\/users\/2"}],"replies":[{"embeddable":true,"href":"https:\/\/lavozdelagente.com.ar\/index\/wp-json\/wp\/v2\/comments?post=3667"}],"version-history":[{"count":1,"href":"https:\/\/lavozdelagente.com.ar\/index\/wp-json\/wp\/v2\/posts\/3667\/revisions"}],"predecessor-version":[{"id":3668,"href":"https:\/\/lavozdelagente.com.ar\/index\/wp-json\/wp\/v2\/posts\/3667\/revisions\/3668"}],"wp:attachment":[{"href":"https:\/\/lavozdelagente.com.ar\/index\/wp-json\/wp\/v2\/media?parent=3667"}],"wp:term":[{"taxonomy":"category","embeddable":true,"href":"https:\/\/lavozdelagente.com.ar\/index\/wp-json\/wp\/v2\/categories?post=3667"},{"taxonomy":"post_tag","embeddable":true,"href":"https:\/\/lavozdelagente.com.ar\/index\/wp-json\/wp\/v2\/tags?post=3667"}],"curies":[{"name":"wp","href":"https:\/\/api.w.org\/{rel}","templated":true}]}}